{"id":1943,"date":"2026-05-03T09:19:31","date_gmt":"2026-05-03T07:19:31","guid":{"rendered":"https:\/\/eintracht-walheim.de\/?p=1943"},"modified":"2026-05-03T09:19:33","modified_gmt":"2026-05-03T07:19:33","slug":"absage-der-kreismeisterschaft","status":"publish","type":"post","link":"https:\/\/eintracht-walheim.de\/?p=1943","title":{"rendered":"Absage der Kreismeisterschaft"},"content":{"rendered":"\n<p>Liebe Sportfreunde,<\/p>\n\n\n\n<p>nach intensiver interner Abstimmung sowie aufgrund derzeit ungekl\u00e4rter organisatorischer und verbandlicher Rahmenbedingungen sehen wir uns leider gezwungen, das f\u00fcr den 10.05.2026 geplante Ringerturnier in Aachen-Kornelim\u00fcnster abzusagen.<\/p>\n\n\n\n<p>Wir bedauern diese Entscheidung sehr und bitten um euer Verst\u00e4ndnis.<\/p>\n\n\n\n<p>Mit sportlichen Gr\u00fc\u00dfen<\/p>\n\n\n\n<figure class=\"wp-block-gallery has-nested-images columns-default is-cropped wp-block-gallery-2 is-layout-flex wp-block-gallery-is-layout-flex\">\n<figure class=\"wp-block-image size-large\"><img loading=\"lazy\" decoding=\"async\" width=\"576\" height=\"1024\" data-id=\"1944\" src=\"https:\/\/eintracht-walheim.de\/wp-content\/uploads\/2026\/05\/1000033619-576x1024.png\" alt=\"\" class=\"wp-image-1944\" srcset=\"https:\/\/eintracht-walheim.de\/wp-content\/uploads\/2026\/05\/1000033619-576x1024.png 576w, https:\/\/eintracht-walheim.de\/wp-content\/uploads\/2026\/05\/1000033619-169x300.png 169w, https:\/\/eintracht-walheim.de\/wp-content\/uploads\/2026\/05\/1000033619-768x1365.png 768w, https:\/\/eintracht-walheim.de\/wp-content\/uploads\/2026\/05\/1000033619-864x1536.png 864w, https:\/\/eintracht-walheim.de\/wp-content\/uploads\/2026\/05\/1000033619-152x270.png 152w, https:\/\/eintracht-walheim.de\/wp-content\/uploads\/2026\/05\/1000033619.png 1080w\" sizes=\"auto, (max-width: 576px) 100vw, 576px\" \/><\/figure>\n<\/figure>\n","protected":false},"excerpt":{"rendered":"<p>Liebe Sportfreunde, nach intensiver interner Abstimmung sowie aufgrund derzeit ungekl\u00e4rter organisatorischer und verbandlicher Rahmenbedingungen sehen wir uns leider gezwungen, das f\u00fcr den 10.05.2026 geplante Ringerturnier in Aachen-Kornelim\u00fcnster abzusagen. Wir bedauern diese Entscheidung sehr und bitten um euer Verst\u00e4ndnis. Mit sportlichen Gr\u00fc\u00dfen<\/p>\n","protected":false},"author":4,"featured_media":0,"comment_status":"open","ping_status":"open","sticky":false,"template":"","format":"standard","meta":{"footnotes":""},"categories":[2],"tags":[],"class_list":["post-1943","post","type-post","status-publish","format-standard","hentry","category-ringen"],"_links":{"self":[{"href":"https:\/\/eintracht-walheim.de\/index.php?rest_route=\/wp\/v2\/posts\/1943","targetHints":{"allow":["GET"]}}],"collection":[{"href":"https:\/\/eintracht-walheim.de\/index.php?rest_route=\/wp\/v2\/posts"}],"about":[{"href":"https:\/\/eintracht-walheim.de\/index.php?rest_route=\/wp\/v2\/types\/post"}],"author":[{"embeddable":true,"href":"https:\/\/eintracht-walheim.de\/index.php?rest_route=\/wp\/v2\/users\/4"}],"replies":[{"embeddable":true,"href":"https:\/\/eintracht-walheim.de\/index.php?rest_route=%2Fwp%2Fv2%2Fcomments&post=1943"}],"version-history":[{"count":1,"href":"https:\/\/eintracht-walheim.de\/index.php?rest_route=\/wp\/v2\/posts\/1943\/revisions"}],"predecessor-version":[{"id":1945,"href":"https:\/\/eintracht-walheim.de\/index.php?rest_route=\/wp\/v2\/posts\/1943\/revisions\/1945"}],"wp:attachment":[{"href":"https:\/\/eintracht-walheim.de\/index.php?rest_route=%2Fwp%2Fv2%2Fmedia&parent=1943"}],"wp:term":[{"taxonomy":"category","embeddable":true,"href":"https:\/\/eintracht-walheim.de\/index.php?rest_route=%2Fwp%2Fv2%2Fcategories&post=1943"},{"taxonomy":"post_tag","embeddable":true,"href":"https:\/\/eintracht-walheim.de\/index.php?rest_route=%2Fwp%2Fv2%2Ftags&post=1943"}],"curies":[{"name":"wp","href":"https:\/\/api.w.org\/{rel}","templated":true}]}}